{"id":983,"date":"2024-01-29T21:17:29","date_gmt":"2024-01-29T21:17:29","guid":{"rendered":"https:\/\/www.atfquebec.ca\/projetrac\/?p=983"},"modified":"2024-01-29T21:17:29","modified_gmt":"2024-01-29T21:17:29","slug":"femmes-immigrantes-portrait-statistique-autour-de-6-constats","status":"publish","type":"post","link":"https:\/\/www.atfquebec.ca\/projetrac\/2024\/01\/29\/femmes-immigrantes-portrait-statistique-autour-de-6-constats\/","title":{"rendered":"Les femmes immigrantes au Qu\u00e9bec : portrait statistique autour de 6 constats"},"content":{"rendered":"<p>Cette fiche pr\u00e9sente quelques donn\u00e9es statistiques qui rendent compte du ph\u00e9nom\u00e8ne de d\u00e9qualification professionnelle dont sont victimes les femmes immigrantes.<\/p>\n","protected":false},"excerpt":{"rendered":"<p>Cette fiche pr\u00e9sente quelques donn\u00e9es statistiques qui rendent compte du [&hellip;]<\/p>\n","protected":false},"author":6,"featured_media":985,"comment_status":"open","ping_status":"open","sticky":false,"template":"","format":"standard","meta":[],"categories":[8],"tags":[],"_links":{"self":[{"href":"https:\/\/www.atfquebec.ca\/projetrac\/wp-json\/wp\/v2\/posts\/983"}],"collection":[{"href":"https:\/\/www.atfquebec.ca\/projetrac\/wp-json\/wp\/v2\/posts"}],"about":[{"href":"https:\/\/www.atfquebec.ca\/projetrac\/wp-json\/wp\/v2\/types\/post"}],"author":[{"embeddable":true,"href":"https:\/\/www.atfquebec.ca\/projetrac\/wp-json\/wp\/v2\/users\/6"}],"replies":[{"embeddable":true,"href":"https:\/\/www.atfquebec.ca\/projetrac\/wp-json\/wp\/v2\/comments?post=983"}],"version-history":[{"count":1,"href":"https:\/\/www.atfquebec.ca\/projetrac\/wp-json\/wp\/v2\/posts\/983\/revisions"}],"predecessor-version":[{"id":984,"href":"https:\/\/www.atfquebec.ca\/projetrac\/wp-json\/wp\/v2\/posts\/983\/revisions\/984"}],"wp:featuredmedia":[{"embeddable":true,"href":"https:\/\/www.atfquebec.ca\/projetrac\/wp-json\/wp\/v2\/media\/985"}],"wp:attachment":[{"href":"https:\/\/www.atfquebec.ca\/projetrac\/wp-json\/wp\/v2\/media?parent=983"}],"wp:term":[{"taxonomy":"category","embeddable":true,"href":"https:\/\/www.atfquebec.ca\/projetrac\/wp-json\/wp\/v2\/categories?post=983"},{"taxonomy":"post_tag","embeddable":true,"href":"https:\/\/www.atfquebec.ca\/projetrac\/wp-json\/wp\/v2\/tags?post=983"}],"curies":[{"name":"wp","href":"https:\/\/api.w.org\/{rel}","templated":true}]}}